{"id":1379,"date":"2022-02-01T17:11:11","date_gmt":"2022-02-01T16:11:11","guid":{"rendered":"https:\/\/www.lenstore.it\/cura-degli-occhi\/?p=1379"},"modified":"2023-09-22T15:33:37","modified_gmt":"2023-09-22T13:33:37","slug":"gli-effetti-della-caffeina-sulla-salute-e-sulla-vista","status":"publish","type":"post","link":"https:\/\/www.lenstore.it\/cura-degli-occhi\/gli-effetti-della-caffeina-sulla-salute-e-sulla-vista","title":{"rendered":"Quali sono gli effetti della caffeina sulla salute e sulla vista?"},"content":{"rendered":"\n<figure class=\"wp-block-image size-large\"><img loading=\"lazy\" decoding=\"async\" width=\"771\" height=\"481\" src=\"https:\/\/www.lenstore.it\/cura-degli-occhi\/wp-content\/uploads\/sites\/2\/2022\/02\/IT-Header-1.png\" alt=\"\" class=\"wp-image-1380\" srcset=\"https:\/\/www.lenstore.it\/cura-degli-occhi\/wp-content\/uploads\/sites\/2\/2022\/02\/IT-Header-1.png 771w, https:\/\/www.lenstore.it\/cura-degli-occhi\/wp-content\/uploads\/sites\/2\/2022\/02\/IT-Header-1-300x187.png 300w, https:\/\/www.lenstore.it\/cura-degli-occhi\/wp-content\/uploads\/sites\/2\/2022\/02\/IT-Header-1-768x479.png 768w\" sizes=\"auto, (max-width: 771px) 100vw, 771px\" \/><\/figure>\n\n\n\n<h2 class=\"wp-block-heading has-larger-font-size\">Caffeina: che effetti ha sulla salute e sulla vista?<\/h2>\n\n\n\n<p>Per molti di noi, la mattina non inizia senza una tazzina di caff\u00e8.<\/p>\n\n\n\n<p>A darci la carica \u00e8 la caffeina, una sostanza che troviamo anche in molti altri alimenti come t\u00e8, cioccolata, energy drink e Coca Cola. I suoi benefici sono molteplici: abbassa il rischio di diabete di tipo 2, protegge dall\u2019Alzheimer e dalla demenza e aiuta persino a bruciare i grassi.<\/p>\n\n\n\n<p>Sebbene sia una preziosa alleata per la salute, la caffeina pu\u00f2 causare vari problemi se ne consumiamo troppa.&nbsp;<br><a href=\"https:\/\/www.lenstore.co.uk\/\">Lenstore<\/a> ha quindi analizzato i possibili sintomi a breve e lungo termine, come vista offuscata, dolori muscolari e insonnia. Inoltre, ci svela la classifica delle citt\u00e0 pi\u00f9 caffeinomani in base al consumo di caff\u00e8 e al costo di una tazzina al bar.<\/p>\n\n\n\n<h2 class=\"wp-block-heading has-larger-font-size\">Cosa succede se beviamo troppo caff\u00e8?<\/h2>\n\n\n\n<figure class=\"wp-block-image size-large\"><img loading=\"lazy\" decoding=\"async\" width=\"1024\" height=\"829\" src=\"https:\/\/www.lenstore.it\/cura-degli-occhi\/wp-content\/uploads\/sites\/2\/2022\/02\/IT-DC-1-1024x829.png\" alt=\"\" class=\"wp-image-1381\" srcset=\"https:\/\/www.lenstore.it\/cura-degli-occhi\/wp-content\/uploads\/sites\/2\/2022\/02\/IT-DC-1-1024x829.png 1024w, https:\/\/www.lenstore.it\/cura-degli-occhi\/wp-content\/uploads\/sites\/2\/2022\/02\/IT-DC-1-300x243.png 300w, https:\/\/www.lenstore.it\/cura-degli-occhi\/wp-content\/uploads\/sites\/2\/2022\/02\/IT-DC-1-768x622.png 768w, https:\/\/www.lenstore.it\/cura-degli-occhi\/wp-content\/uploads\/sites\/2\/2022\/02\/IT-DC-1.png 1201w\" sizes=\"auto, (max-width: 1024px) 100vw, 1024px\" \/><\/figure>\n\n\n\n<p>Un adulto sano non dovrebbe consumare pi\u00f9 di <a href=\"https:\/\/www.mayoclinic.org\/healthy-lifestyle\/nutrition-and-healthy-eating\/in-depth\/caffeine\/art-20045678\">400 mg<\/a> di caffeina al giorno, cio\u00e8 quasi quattro tazzine di caff\u00e8.&nbsp;<br>In Italia, il consumo medio pro capite di caff\u00e8 \u00e8 di <a href=\"http:\/\/www.coffeeresearch.org\/market\/italy.htm#:~:text=Italy%3A%20Coffee%20Consumption,(Un%20Caffe%2C%207).\">3,7 kg<\/a>. Quali sono quindi i rischi che corriamo se non cambiamo le nostre abitudini?<\/p>\n\n\n\n<figure class=\"wp-block-image size-large\"><img loading=\"lazy\" decoding=\"async\" width=\"701\" height=\"1024\" src=\"https:\/\/www.lenstore.it\/cura-degli-occhi\/wp-content\/uploads\/sites\/2\/2022\/02\/IT-DC-1-Breakdown-701x1024.png\" alt=\"\" class=\"wp-image-1382\" srcset=\"https:\/\/www.lenstore.it\/cura-degli-occhi\/wp-content\/uploads\/sites\/2\/2022\/02\/IT-DC-1-Breakdown-701x1024.png 701w, https:\/\/www.lenstore.it\/cura-degli-occhi\/wp-content\/uploads\/sites\/2\/2022\/02\/IT-DC-1-Breakdown-205x300.png 205w, https:\/\/www.lenstore.it\/cura-degli-occhi\/wp-content\/uploads\/sites\/2\/2022\/02\/IT-DC-1-Breakdown-768x1122.png 768w, https:\/\/www.lenstore.it\/cura-degli-occhi\/wp-content\/uploads\/sites\/2\/2022\/02\/IT-DC-1-Breakdown-1051x1536.png 1051w, https:\/\/www.lenstore.it\/cura-degli-occhi\/wp-content\/uploads\/sites\/2\/2022\/02\/IT-DC-1-Breakdown.png 1201w\" sizes=\"auto, (max-width: 701px) 100vw, 701px\" \/><\/figure>\n\n\n\n<h4 class=\"wp-block-heading\"><strong>Ansia<\/strong><\/h4>\n\n\n\n<p>La caffeina stimola la produzione di adrenalina, l\u2019ormone alla base della reazione attacco o fuga (in inglese <em>fight or flight<\/em>) Consumarne in modo eccessivo intensifica questi effetti, causando nervosismo, ansia e tensione. \u00c8 stato anche dimostrato che aumenta i livelli di stress, indipendentemente dalla dose ingerita.<\/p>\n\n\n\n<h4 class=\"wp-block-heading\"><strong>Insonnia<\/strong><\/h4>\n\n\n\n<p>Se adori il caff\u00e8, ricordati di non berlo prima di andare a dormire. La caffeina, infatti, altera i cicli del sonno e impedisce di riposare bene (secondo varie ricerche pu\u00f2 rimanere in circolo fino a nove ore). L\u2019insonnia pu\u00f2 dare molti problemi alla vista, come ad esempio la secchezza oculare. Per attenuarla, usa un collirio idratante ed evita il pi\u00f9 possibile di indossare le <a href=\"https:\/\/www.lenstore.co.uk\/contact-lenses\">lenti a contatto<\/a>.<\/p>\n\n\n\n<h4 class=\"wp-block-heading\"><strong>Emicrania<\/strong><\/h4>\n\n\n\n<p>Sapevi che la caffeina pu\u00f2 sia causare che curare l\u2019emicrania? A sostenerlo \u00e8 un sondaggio condotto nel Regno Unito: il 22% degli intervistati ha infatti risposto di avere <a href=\"https:\/\/www.lenstore.it\/cura-degli-occhi\/mal-di-testa-dietro-agli-occhi\/\">mal di testa<\/a> dopo l\u2019assunzione di caffeina, mentre il 43% ha affermato il contrario. Com\u2019\u00e8 possibile? Questa sostanza restringe i vasi sanguigni intorno al cervello, riducendo l\u2019infiammazione e portando quindi sollievo. Non a caso, \u00e8 presente in molti antidolorifici da banco.&nbsp;<\/p>\n\n\n\n<p>Tuttavia, \u00e8 questo stesso meccanismo che pu\u00f2 far venire l\u2019emicrania. Infatti, quando non si assume caffeina per qualche tempo, i vasi sanguigni si espandono di nuovo e il dolore ritorna.<\/p>\n\n\n\n<h4 class=\"wp-block-heading\"><strong>Vertigini e stordimento<\/strong><\/h4>\n\n\n\n<p>Cos\u00ec come altre sostanze stimolanti (ad esempio il tabacco), anche la caffeina riduce l\u2019afflusso di sangue al cervello e abusarne pu\u00f2 dare vertigini e stordimento.&nbsp;<\/p>\n\n\n\n<h4 class=\"wp-block-heading\"><strong>Tremori muscolari<\/strong><\/h4>\n\n\n\n<p>Troppa caffeina pu\u00f2 causare anche vari tipi di spasmi, come ad esempio tremore alle palpebre o alle mani. Spesso si tratta solo di sensazioni passeggere, ma a volte possono significare che \u00e8 il caso di ridurre il consumo di caff\u00e8.&nbsp;<\/p>\n\n\n\n<h4 class=\"wp-block-heading\"><strong>Ipertensione sanguigna<\/strong><\/h4>\n\n\n\n<p>La caffeina non sembra incidere sul rischio di malattie cardiache, ma secondo diversi <a href=\"https:\/\/www.healthline.com\/nutrition\/caffeine-side-effects\">studi<\/a> aumenta la pressione sanguigna. Ecco perch\u00e9 devi fare attenzione a quanta ne assumi se soffri gi\u00e0 di pressione alta: se ne abusi, potresti avere un rischio maggiore di infarto o ictus.&nbsp;<\/p>\n\n\n\n<h4 class=\"wp-block-heading\"><strong>Ipertensione e vista<\/strong><\/h4>\n\n\n\n<p>La <a href=\"https:\/\/www.mayoclinic.org\/diseases-conditions\/high-blood-pressure\/in-depth\/high-blood-pressure\/art-20045868\">pressione alta<\/a> pu\u00f2 danneggiare i minuscoli vasi sanguigni che portano sangue agli occhi. La retinopatia \u00e8 una possibile complicazione che colpisce la retina e pu\u00f2 portare offuscamento della vista, sanguinamento oculare e persino cecit\u00e0. L\u2019ipertensione \u00e8 anche responsabile di vari problemi al sistema nervoso, che gioca un ruolo importante nella salute degli occhi. Un esempio \u00e8 la coroidopatia, una patologia che provoca un accumulo di liquido nella retina compromettendo la vista.&nbsp;<\/p>\n\n\n\n<p>Vari <a href=\"https:\/\/www.ucl.ac.uk\/news\/2021\/jun\/high-caffeine-consumption-may-be-linked-increased-glaucoma-risk\">studi<\/a> dimostrano anche una correlazione tra il consumo giornaliero eccessivo di caffeina e il rischio di <a href=\"https:\/\/www.lenstore.co.uk\/eyecare\/glaucoma\">glaucoma<\/a> per chi ha una predisposizione genetica alla pressione oculare alta. I sintomi del glaucoma sono dolore e rossore agli occhi, vedere anelli attorno a una fonte di luce e vista offuscata. Se non viene trattato, pu\u00f2 portare alla cecit\u00e0.&nbsp;<\/p>\n\n\n\n<h4 class=\"wp-block-heading\"><strong>Confusione e allucinazioni<\/strong><\/h4>\n\n\n\n<p>Irritabilit\u00e0, rabbia, confusione: la caffeina pu\u00f2 scatenare una serie di forti emozioni, anche se non viene consumata per un certo periodo. Le reazioni vanno dalla difficolt\u00e0 di concentrazione alla depressione. Se noti che la tua salute mentale ne risente, parlane con il tuo medico.&nbsp;<\/p>\n\n\n\n<p>Inoltre, il consumo eccessivo di caff\u00e8 pu\u00f2 alzare i livelli di stress (e quindi quelli dell\u2019adrenalina) causando confusione o addirittura allucinazioni. L\u2019astinenza da caffeina, invece, pu\u00f2 spesso causare annebbiamento mentale. Se ti \u00e8 capitato di avere questi problemi, significa che devi iniziare a ridurre il consumo di questa sostanza.&nbsp;<\/p>\n\n\n\n<h4 class=\"wp-block-heading\"><strong>Vista offuscata&nbsp;<\/strong><\/h4>\n\n\n\n<p>Un consumo eccessivo di caffeina pu\u00f2 provocare un aumento improvviso dei livelli di zucchero nel sangue. Le possibili conseguenze sono vista offuscata, spasmi oculari e potenzialmente una sensazione di bruciore o formicolio nella zona degli occhi.<\/p>\n\n\n\n<h2 class=\"wp-block-heading has-larger-font-size\">La classifica delle capitali dove si beve pi\u00f9 caff\u00e8&nbsp;<\/h2>\n\n\n\n<p>Per scoprire quali sono le 20 capitali pi\u00f9 caffeinomani, Lenstore ha esaminato diversi parametri: il consumo di caff\u00e8, il numero di bar per miglio quadrato (2,59 km<sup>2<\/sup>) e il costo medio di una tazzina di caff\u00e8. Vediamo i risultati.&nbsp;<\/p>\n\n\n\n<h4 class=\"wp-block-heading\"><strong>La top 20 delle capitali pi\u00f9 caffeinomani&nbsp;<\/strong><\/h4>\n\n\n\n<figure class=\"wp-block-table\"><table><tbody><tr><td><strong>Paese<\/strong><\/td><td><strong>Citt\u00e0<\/strong><\/td><td><strong>N. di bar<\/strong><\/td><td><strong>Bar per miglio quadrato (2,59 km<\/strong><strong><sup>2<\/sup><\/strong><strong>)<\/strong><\/td><td><strong>Bar per 10 miglia quadrate (25,9 km<\/strong><strong><sup>2<\/sup><\/strong><strong>)&nbsp;<\/strong><\/td><td><strong>Consumo pro capite di caff\u00e8 (kg) all\u2019anno<\/strong><\/td><td><strong>Costo di un caff\u00e8 (\u20ac)<\/strong><\/td><\/tr><tr><td>Grecia<\/td><td>Atene<\/td><td>261<\/td><td>17,4<\/td><td>174,0<\/td><td>2,4<\/td><td>2,96<\/td><\/tr><tr><td>Slovenia<\/td><td>Lubiana<\/td><td>45<\/td><td>0,7<\/td><td>7,1<\/td><td>6,1<\/td><td>1,86<\/td><\/tr><tr><td>Italia<\/td><td>Roma<\/td><td>677<\/td><td>1,4<\/td><td>13,6<\/td><td>3,4<\/td><td>1,30<\/td><\/tr><tr><td>Finlandia<\/td><td>Helsinki<\/td><td>113<\/td><td>0,4<\/td><td>4,1<\/td><td>9,6<\/td><td>3,97<\/td><\/tr><tr><td>Portogallo<\/td><td>Lisbona<\/td><td>169<\/td><td>4,3<\/td><td>43,3<\/td><td>2,6<\/td><td>1,78<\/td><\/tr><tr><td>Ungheria<\/td><td>Budapest<\/td><td>340<\/td><td>1,7<\/td><td>16,7<\/td><td>3,1<\/td><td>1,51<\/td><\/tr><tr><td>Svezia<\/td><td>Stoccolma<\/td><td>144<\/td><td>2,0<\/td><td>19,7<\/td><td>8,2<\/td><td>4,01<\/td><\/tr><tr><td>Paesi Bassi<\/td><td>Amsterdam<\/td><td>186<\/td><td>2,2<\/td><td>21,9<\/td><td>6,7<\/td><td>3,53<\/td><\/tr><tr><td>Islanda<\/td><td>Reykjav\u00edk<\/td><td>41<\/td><td>0,4<\/td><td>3,9<\/td><td>9<\/td><td>4,15<\/td><\/tr><tr><td>Costa Rica<\/td><td>San Jos\u00e9<\/td><td>40<\/td><td>2,4<\/td><td>23,5<\/td><td>3,7<\/td><td>2,20<\/td><\/tr><tr><td>Spagna<\/td><td>Madrid<\/td><td>484<\/td><td>2,1<\/td><td>20,8<\/td><td>3<\/td><td>2,02<\/td><\/tr><tr><td>Corea del Sud<\/td><td>Seoul<\/td><td>2192<\/td><td>9,4<\/td><td>93,7<\/td><td>2,6<\/td><td>3,65<\/td><\/tr><tr><td>Germania<\/td><td>Berlino<\/td><td>689<\/td><td>2,0<\/td><td>20,0<\/td><td>5,2<\/td><td>3,05<\/td><\/tr><tr><td>Colombia<\/td><td>Bogot\u00e1<\/td><td>156<\/td><td>0,3<\/td><td>2,5<\/td><td>1,4<\/td><td>1,11<\/td><\/tr><tr><td>Austria<\/td><td>Vienna<\/td><td>287<\/td><td>1,8<\/td><td>17,9<\/td><td>5,5<\/td><td>3,46<\/td><\/tr><tr><td>Estonia<\/td><td>Tallinn<\/td><td>71<\/td><td>1,1<\/td><td>11,5<\/td><td>4,2<\/td><td>2,81<\/td><\/tr><tr><td>Belgio<\/td><td>Bruxelles<\/td><td>68<\/td><td>1,1<\/td><td>10,8<\/td><td>4,9<\/td><td>3,15<\/td><\/tr><tr><td>Francia<\/td><td>Parigi<\/td><td>287<\/td><td>7,0<\/td><td>70,0<\/td><td>3,2<\/td><td>3,83<\/td><\/tr><tr><td>Repubblica Ceca<\/td><td>Praga<\/td><td>438<\/td><td>2,3<\/td><td>22,8<\/td><td>2,3<\/td><td>2,30<\/td><\/tr><tr><td>Irlanda<\/td><td>Dublino<\/td><td>234<\/td><td>5,1<\/td><td>50,9<\/td><td>3,5<\/td><td>3,54<\/td><\/tr><\/tbody><\/table><\/figure>\n\n\n\n<p>Con 677 bar, Roma si piazza al terzo posto tra le capitali dove si consuma pi\u00f9 caff\u00e8, subito dopo Berlino (689) e Londra (1570).&nbsp;<\/p>\n\n\n\n<p>La Citt\u00e0 eterna \u00e8 anche uno dei posti pi\u00f9 economici al mondo dove bere un caff\u00e8 (1,30 \u20ac), battuta solo da Bogot\u00e0 (1,11 \u20ac) e Istanbul (1,13 \u20ac).<\/p>\n\n\n\n<p>Atene invece si classifica al primo posto come la citt\u00e0 pi\u00f9 ossessionata dal caff\u00e8 in generale. Conta infatti pi\u00f9 di 174 bar per 10 miglia quadrate, seguita dalla Corea del Sud (94) e dalla Francia (70).<\/p>\n\n\n\n<p>Ma chi beve pi\u00f9 caff\u00e8? I Paesi nordici dominano la top 10, dove troviamo Finlandia, Islanda e Svezia. La Finlandia ha addirittura un consumo pro capite annuo di 9,6 kg di caff\u00e8, pi\u00f9 del triplo rispetto a quello di nazioni come il Regno Unito (1,7 kg), la Nuova Zelanda (1,3 kg), gli USA (3,1 kg) e la Francia (3,2 kg).&nbsp;<\/p>\n\n\n\n<p>In fondo alla classifica troviamo la Turchia, con un consumo pro capite di soli 0,4 kg all\u2019anno. Stranamente, gli Stati Uniti consumano meno caff\u00e8 della maggior parte degli altri Paesi (3,1 kg) e il Regno Unito \u00e8 tra gli ultimi sette.<\/p>\n\n\n\n<h4 class=\"wp-block-heading\"><strong>Le 10 citt\u00e0 dove un caff\u00e8 costa meno<\/strong><\/h4>\n\n\n\n<figure class=\"wp-block-table aligncenter\"><table><tbody><tr><td><strong>Citt\u00e0<\/strong><\/td><td><strong>Paese<\/strong><\/td><td><strong>Costo di un caff\u00e8 (\u20ac)<\/strong><\/td><\/tr><tr><td>Bogot\u00e1<\/td><td>Colombia<\/td><td>1,11<\/td><\/tr><tr><td>Istanbul<\/td><td>Turchia<\/td><td>1,13<\/td><\/tr><tr><td>Roma<\/td><td>Italia<\/td><td>1,30<\/td><\/tr><tr><td>Budapest<\/td><td>Ungheria<\/td><td>1,51<\/td><\/tr><tr><td>Lisbona<\/td><td>Portogallo<\/td><td>1,78<\/td><\/tr><tr><td>Lubiana<\/td><td>Slovenia<\/td><td>1,86<\/td><\/tr><tr><td>Citt\u00e0 del Messico<\/td><td>Messico<\/td><td>2,00<\/td><\/tr><tr><td>Madrid<\/td><td>Spagna<\/td><td>2,02<\/td><\/tr><tr><td>San Jos\u00e9<\/td><td>Costa Rica<\/td><td>2,20<\/td><\/tr><tr><td>Bratislava<\/td><td>Slovacchia<\/td><td>2,21<\/td><\/tr><\/tbody><\/table><\/figure>\n\n\n\n<p>Bogot\u00e0 si aggiudica il titolo di citt\u00e0 pi\u00f9 economica dove prendere un caff\u00e8: costa solo 1,11 \u20ac, quasi un quinto del prezzo che troviamo a Copenaghen (5,35 \u20ac). In generale, l\u2019Europa e il Sud America dominano la classifica: Roma, ad esempio, si piazza al terzo posto con 1,30 \u20ac.&nbsp;<\/p>\n\n\n\n<h4 class=\"wp-block-heading\"><strong>Le 10 citt\u00e0 con il numero pi\u00f9 alto di bar per miglio quadrato (2,59 km<\/strong><strong><sup>2<\/sup><\/strong><strong>)<\/strong><\/h4>\n\n\n\n<figure class=\"wp-block-table aligncenter\"><table><tbody><tr><td><strong>Citt\u00e0<\/strong><\/td><td><strong>Paese<\/strong><\/td><td><strong>Bar per miglio quadrato (2,59 km<\/strong><strong><sup>2<\/sup><\/strong><strong>)<\/strong><\/td><\/tr><tr><td>Atene<\/td><td>Grecia<\/td><td>17,4<\/td><\/tr><tr><td>Seoul<\/td><td>Corea del Sud<\/td><td>9,4<\/td><\/tr><tr><td>Parigi<\/td><td>Francia<\/td><td>7,0<\/td><\/tr><tr><td>Tokyo<\/td><td>Giappone<\/td><td>6,0<\/td><\/tr><tr><td>Dublino<\/td><td>Irlanda<\/td><td>5,1<\/td><\/tr><tr><td>Lisbona<\/td><td>Portogallo<\/td><td>4,3<\/td><\/tr><tr><td>Londra<\/td><td>Regno Unito<\/td><td>2,6<\/td><\/tr><tr><td>Copenaghen<\/td><td>Danimarca<\/td><td>2,5<\/td><\/tr><tr><td>San Jos\u00e9<\/td><td>Costa Rica<\/td><td>2,4<\/td><\/tr><tr><td>Praga<\/td><td>Repubblica Ceca<\/td><td>2,3<\/td><\/tr><\/tbody><\/table><\/figure>\n\n\n\n<p>In base a queste statistiche, quanto \u00e8 grave la tua ossessione per la caffeina?&nbsp;<\/p>\n\n\n\n<h3 class=\"wp-block-heading has-larger-font-size\"><strong>Metodologia<\/strong><\/h3>\n\n\n\n<p>Ai fini di questo studio, Lenstore ha analizzato gli effetti a lungo e a breve termine del consumo elevato di caffeina, sia a livello fisico che psicologico. Per scoprire in quali capitali si consuma pi\u00f9 caff\u00e8, ha poi esaminato: il consumo di caff\u00e8 pro capite, il costo medio di un caff\u00e8 e il numero di bar per miglio quadrato. Infine, ha utilizzato Google Keyword Planner per ottenere una seed list con i tipi di caff\u00e8 pi\u00f9 amati in 38 Paesi.<\/p>\n\n\n\n<p>Fonti:<\/p>\n\n\n\n<ol class=\"wp-block-list\">\n<li>https:\/\/www.healthline.com\/health\/caffeine-and-anxiety#caffeine-and-anxiety<\/li>\n\n\n\n<li>https:\/\/silversteineyecenters.com\/blog\/2017\/02\/does-caffeine-affect-vision\/<\/li>\n\n\n\n<li>https:\/\/www.healthline.com\/health\/caffeine-effects-on-body<\/li>\n\n\n\n<li>https:\/\/www.healthline.com\/nutrition\/caffeine-side-effects#TOC_TITLE_HDR_11<\/li>\n\n\n\n<li>https:\/\/iris.ca\/en\/blog-post-detail\/how-does-caffeine-affect-your-eyesight<\/li>\n\n\n\n<li>https:\/\/www.bbcgoodfood.com\/howto\/guide\/how-much-caffeine-tea<\/li>\n\n\n\n<li>https:\/\/www.mayoclinic.org\/healthy-lifestyle\/nutrition-and-healthy-eating\/in-depth\/caffeine\/art-20045678#:~:text=Up%20to%20400%20milligrams%20(mg,two%20%22energy%20shot%22%20drinks.<\/li>\n\n\n\n<li>https:\/\/www.numbeo.com\/<\/li>\n\n\n\n<li>https:\/\/www.tripadvisor.co.uk\/<\/li>\n\n\n\n<li>https:\/\/en.wikipedia.org\/<\/li>\n\n\n\n<li>https:\/\/www.caffeineinformer.com\/caffeine-what-the-world-drinks<\/li>\n\n\n\n<li>https:\/\/public.knoema.com\/hvfyqyb\/world-coffee-consumption?country=1000370-chile&nbsp;<\/li>\n\n\n\n<li>Google Keyword Planner<\/li>\n<\/ol>\n","protected":false},"excerpt":{"rendered":"<p>Caffeina: che effetti ha sulla salute e sulla vista? Per molti di noi, la mattina non inizia [&hellip;]<\/p>\n","protected":false},"author":18,"featured_media":2493,"comment_status":"closed","ping_status":"closed","sticky":false,"template":"","format":"standard","meta":{"footnotes":""},"categories":[3],"tags":[],"class_list":["post-1379","post","type-post","status-publish","format-standard","has-post-thumbnail","hentry","category-salute-degli-occhi"],"yoast_head":"<!-- This site is optimized with the Yoast SEO plugin v27.0 - https:\/\/yoast.com\/product\/yoast-seo-wordpress\/ -->\n<title>Quali sono gli effetti della caffeina sulla salute e sulla vista? - Lenstore<\/title>\n<meta name=\"description\" content=\"Lenstore analizza gli effetti a lungo e a breve termine della caffeina sulla salute ed in particolare sulla vista. In pi\u00f9, rivela la classifica dei Paesi in cui si beve pi\u00f9 caff\u00e8.\" \/>\n<meta name=\"robots\" content=\"index, follow, max-snippet:-1, max-image-preview:large, max-video-preview:-1\" \/>\n<link rel=\"canonical\" href=\"https:\/\/www.lenstore.it\/cura-degli-occhi\/gli-effetti-della-caffeina-sulla-salute-e-sulla-vista\" \/>\n<meta property=\"og:locale\" content=\"it_IT\" \/>\n<meta property=\"og:type\" content=\"article\" \/>\n<meta property=\"og:title\" content=\"Quali sono gli effetti della caffeina sulla salute e sulla vista? - Lenstore\" \/>\n<meta property=\"og:description\" content=\"Lenstore analizza gli effetti a lungo e a breve termine della caffeina sulla salute ed in particolare sulla vista. In pi\u00f9, rivela la classifica dei Paesi in cui si beve pi\u00f9 caff\u00e8.\" \/>\n<meta property=\"og:url\" content=\"https:\/\/www.lenstore.it\/cura-degli-occhi\/gli-effetti-della-caffeina-sulla-salute-e-sulla-vista\" \/>\n<meta property=\"og:site_name\" content=\"Lenstore\" \/>\n<meta property=\"article:published_time\" content=\"2022-02-01T16:11:11+00:00\" \/>\n<meta property=\"article:modified_time\" content=\"2023-09-22T13:33:37+00:00\" \/>\n<meta property=\"og:image\" content=\"https:\/\/www.lenstore.it\/cura-degli-occhi\/wp-content\/uploads\/sites\/2\/2022\/02\/caffe.png\" \/>\n\t<meta property=\"og:image:width\" content=\"770\" \/>\n\t<meta property=\"og:image:height\" content=\"480\" \/>\n\t<meta property=\"og:image:type\" content=\"image\/png\" \/>\n<meta name=\"author\" content=\"Joe Berry\" \/>\n<meta name=\"twitter:card\" content=\"summary_large_image\" \/>\n<meta name=\"twitter:label1\" content=\"Scritto da\" \/>\n\t<meta name=\"twitter:data1\" content=\"Joe Berry\" \/>\n\t<meta name=\"twitter:label2\" content=\"Tempo di lettura stimato\" \/>\n\t<meta name=\"twitter:data2\" content=\"9 minuti\" \/>\n<script type=\"application\/ld+json\" class=\"yoast-schema-graph\">{\"@context\":\"https:\/\/schema.org\",\"@graph\":[{\"@type\":\"Article\",\"@id\":\"https:\/\/www.lenstore.it\/cura-degli-occhi\/gli-effetti-della-caffeina-sulla-salute-e-sulla-vista#article\",\"isPartOf\":{\"@id\":\"https:\/\/www.lenstore.it\/cura-degli-occhi\/gli-effetti-della-caffeina-sulla-salute-e-sulla-vista\"},\"author\":{\"name\":\"Joe Berry\",\"@id\":\"https:\/\/www.lenstore.it\/cura-degli-occhi\/#\/schema\/person\/024faaf49fe39068a43ba8d4edd8f3ce\"},\"headline\":\"Quali sono gli effetti della caffeina sulla salute e sulla vista?\",\"datePublished\":\"2022-02-01T16:11:11+00:00\",\"dateModified\":\"2023-09-22T13:33:37+00:00\",\"mainEntityOfPage\":{\"@id\":\"https:\/\/www.lenstore.it\/cura-degli-occhi\/gli-effetti-della-caffeina-sulla-salute-e-sulla-vista\"},\"wordCount\":1408,\"publisher\":{\"@id\":\"https:\/\/www.lenstore.it\/cura-degli-occhi\/#organization\"},\"image\":{\"@id\":\"https:\/\/www.lenstore.it\/cura-degli-occhi\/gli-effetti-della-caffeina-sulla-salute-e-sulla-vista#primaryimage\"},\"thumbnailUrl\":\"https:\/\/www.lenstore.it\/cura-degli-occhi\/wp-content\/uploads\/sites\/2\/2022\/02\/caffe.png\",\"articleSection\":[\"Salute degli occhi\"],\"inLanguage\":\"it-IT\"},{\"@type\":\"WebPage\",\"@id\":\"https:\/\/www.lenstore.it\/cura-degli-occhi\/gli-effetti-della-caffeina-sulla-salute-e-sulla-vista\",\"url\":\"https:\/\/www.lenstore.it\/cura-degli-occhi\/gli-effetti-della-caffeina-sulla-salute-e-sulla-vista\",\"name\":\"Quali sono gli effetti della caffeina sulla salute e sulla vista? - Lenstore\",\"isPartOf\":{\"@id\":\"https:\/\/www.lenstore.it\/cura-degli-occhi\/#website\"},\"primaryImageOfPage\":{\"@id\":\"https:\/\/www.lenstore.it\/cura-degli-occhi\/gli-effetti-della-caffeina-sulla-salute-e-sulla-vista#primaryimage\"},\"image\":{\"@id\":\"https:\/\/www.lenstore.it\/cura-degli-occhi\/gli-effetti-della-caffeina-sulla-salute-e-sulla-vista#primaryimage\"},\"thumbnailUrl\":\"https:\/\/www.lenstore.it\/cura-degli-occhi\/wp-content\/uploads\/sites\/2\/2022\/02\/caffe.png\",\"datePublished\":\"2022-02-01T16:11:11+00:00\",\"dateModified\":\"2023-09-22T13:33:37+00:00\",\"description\":\"Lenstore analizza gli effetti a lungo e a breve termine della caffeina sulla salute ed in particolare sulla vista. In pi\u00f9, rivela la classifica dei Paesi in cui si beve pi\u00f9 caff\u00e8.\",\"breadcrumb\":{\"@id\":\"https:\/\/www.lenstore.it\/cura-degli-occhi\/gli-effetti-della-caffeina-sulla-salute-e-sulla-vista#breadcrumb\"},\"inLanguage\":\"it-IT\",\"potentialAction\":[{\"@type\":\"ReadAction\",\"target\":[\"https:\/\/www.lenstore.it\/cura-degli-occhi\/gli-effetti-della-caffeina-sulla-salute-e-sulla-vista\"]}]},{\"@type\":\"ImageObject\",\"inLanguage\":\"it-IT\",\"@id\":\"https:\/\/www.lenstore.it\/cura-degli-occhi\/gli-effetti-della-caffeina-sulla-salute-e-sulla-vista#primaryimage\",\"url\":\"https:\/\/www.lenstore.it\/cura-degli-occhi\/wp-content\/uploads\/sites\/2\/2022\/02\/caffe.png\",\"contentUrl\":\"https:\/\/www.lenstore.it\/cura-degli-occhi\/wp-content\/uploads\/sites\/2\/2022\/02\/caffe.png\",\"width\":770,\"height\":480,\"caption\":\"caff\u00e8\"},{\"@type\":\"BreadcrumbList\",\"@id\":\"https:\/\/www.lenstore.it\/cura-degli-occhi\/gli-effetti-della-caffeina-sulla-salute-e-sulla-vista#breadcrumb\",\"itemListElement\":[{\"@type\":\"ListItem\",\"position\":1,\"name\":\"Home\",\"item\":\"https:\/\/www.lenstore.it\/cura-degli-occhi\"},{\"@type\":\"ListItem\",\"position\":2,\"name\":\"Quali sono gli effetti della caffeina sulla salute e sulla vista?\"}]},{\"@type\":\"WebSite\",\"@id\":\"https:\/\/www.lenstore.it\/cura-degli-occhi\/#website\",\"url\":\"https:\/\/www.lenstore.it\/cura-degli-occhi\/\",\"name\":\"Lenstore\",\"description\":\"Guida alle lenti | Salute | Stile di vita\",\"publisher\":{\"@id\":\"https:\/\/www.lenstore.it\/cura-degli-occhi\/#organization\"},\"potentialAction\":[{\"@type\":\"SearchAction\",\"target\":{\"@type\":\"EntryPoint\",\"urlTemplate\":\"https:\/\/www.lenstore.it\/cura-degli-occhi\/?s={search_term_string}\"},\"query-input\":{\"@type\":\"PropertyValueSpecification\",\"valueRequired\":true,\"valueName\":\"search_term_string\"}}],\"inLanguage\":\"it-IT\"},{\"@type\":\"Organization\",\"@id\":\"https:\/\/www.lenstore.it\/#organization\",\"name\":\"Lenstore\",\"url\":\"https:\/\/www.lenstore.it\",\"logo\":\"https:\/\/www.lenstore.it\/png\/lenstore-logo.png\",\"image\":\"https:\/\/www.lenstore.it\/png\/lenstore-logo.png\",\"companyRegistration\":\"51990\",\"contactPoint\":{\"@type\":\"ContactPoint\",\"contactType\":\"customer service\",\"telephone\":\"051 0920502\",\"email\":\"assistenza@lenstore.it\"}},{\"@type\":\"Person\",\"@id\":\"https:\/\/www.lenstore.it\/cura-degli-occhi\/#\/schema\/person\/024faaf49fe39068a43ba8d4edd8f3ce\",\"name\":\"Joe Berry\",\"url\":\"https:\/\/www.lenstore.it\/cura-degli-occhi\/author\/joeberry\"}]}<\/script>\n<!-- \/ Yoast SEO plugin. -->","yoast_head_json":{"title":"Quali sono gli effetti della caffeina sulla salute e sulla vista? - Lenstore","description":"Lenstore analizza gli effetti a lungo e a breve termine della caffeina sulla salute ed in particolare sulla vista. In pi\u00f9, rivela la classifica dei Paesi in cui si beve pi\u00f9 caff\u00e8.","robots":{"index":"index","follow":"follow","max-snippet":"max-snippet:-1","max-image-preview":"max-image-preview:large","max-video-preview":"max-video-preview:-1"},"canonical":"https:\/\/www.lenstore.it\/cura-degli-occhi\/gli-effetti-della-caffeina-sulla-salute-e-sulla-vista","og_locale":"it_IT","og_type":"article","og_title":"Quali sono gli effetti della caffeina sulla salute e sulla vista? - Lenstore","og_description":"Lenstore analizza gli effetti a lungo e a breve termine della caffeina sulla salute ed in particolare sulla vista. In pi\u00f9, rivela la classifica dei Paesi in cui si beve pi\u00f9 caff\u00e8.","og_url":"https:\/\/www.lenstore.it\/cura-degli-occhi\/gli-effetti-della-caffeina-sulla-salute-e-sulla-vista","og_site_name":"Lenstore","article_published_time":"2022-02-01T16:11:11+00:00","article_modified_time":"2023-09-22T13:33:37+00:00","og_image":[{"width":770,"height":480,"url":"https:\/\/www.lenstore.it\/cura-degli-occhi\/wp-content\/uploads\/sites\/2\/2022\/02\/caffe.png","type":"image\/png"}],"author":"Joe Berry","twitter_card":"summary_large_image","twitter_misc":{"Scritto da":"Joe Berry","Tempo di lettura stimato":"9 minuti"},"schema":{"@context":"https:\/\/schema.org","@graph":[{"@type":"Article","@id":"https:\/\/www.lenstore.it\/cura-degli-occhi\/gli-effetti-della-caffeina-sulla-salute-e-sulla-vista#article","isPartOf":{"@id":"https:\/\/www.lenstore.it\/cura-degli-occhi\/gli-effetti-della-caffeina-sulla-salute-e-sulla-vista"},"author":{"name":"Joe Berry","@id":"https:\/\/www.lenstore.it\/cura-degli-occhi\/#\/schema\/person\/024faaf49fe39068a43ba8d4edd8f3ce"},"headline":"Quali sono gli effetti della caffeina sulla salute e sulla vista?","datePublished":"2022-02-01T16:11:11+00:00","dateModified":"2023-09-22T13:33:37+00:00","mainEntityOfPage":{"@id":"https:\/\/www.lenstore.it\/cura-degli-occhi\/gli-effetti-della-caffeina-sulla-salute-e-sulla-vista"},"wordCount":1408,"publisher":{"@id":"https:\/\/www.lenstore.it\/cura-degli-occhi\/#organization"},"image":{"@id":"https:\/\/www.lenstore.it\/cura-degli-occhi\/gli-effetti-della-caffeina-sulla-salute-e-sulla-vista#primaryimage"},"thumbnailUrl":"https:\/\/www.lenstore.it\/cura-degli-occhi\/wp-content\/uploads\/sites\/2\/2022\/02\/caffe.png","articleSection":["Salute degli occhi"],"inLanguage":"it-IT"},{"@type":"WebPage","@id":"https:\/\/www.lenstore.it\/cura-degli-occhi\/gli-effetti-della-caffeina-sulla-salute-e-sulla-vista","url":"https:\/\/www.lenstore.it\/cura-degli-occhi\/gli-effetti-della-caffeina-sulla-salute-e-sulla-vista","name":"Quali sono gli effetti della caffeina sulla salute e sulla vista? - Lenstore","isPartOf":{"@id":"https:\/\/www.lenstore.it\/cura-degli-occhi\/#website"},"primaryImageOfPage":{"@id":"https:\/\/www.lenstore.it\/cura-degli-occhi\/gli-effetti-della-caffeina-sulla-salute-e-sulla-vista#primaryimage"},"image":{"@id":"https:\/\/www.lenstore.it\/cura-degli-occhi\/gli-effetti-della-caffeina-sulla-salute-e-sulla-vista#primaryimage"},"thumbnailUrl":"https:\/\/www.lenstore.it\/cura-degli-occhi\/wp-content\/uploads\/sites\/2\/2022\/02\/caffe.png","datePublished":"2022-02-01T16:11:11+00:00","dateModified":"2023-09-22T13:33:37+00:00","description":"Lenstore analizza gli effetti a lungo e a breve termine della caffeina sulla salute ed in particolare sulla vista. In pi\u00f9, rivela la classifica dei Paesi in cui si beve pi\u00f9 caff\u00e8.","breadcrumb":{"@id":"https:\/\/www.lenstore.it\/cura-degli-occhi\/gli-effetti-della-caffeina-sulla-salute-e-sulla-vista#breadcrumb"},"inLanguage":"it-IT","potentialAction":[{"@type":"ReadAction","target":["https:\/\/www.lenstore.it\/cura-degli-occhi\/gli-effetti-della-caffeina-sulla-salute-e-sulla-vista"]}]},{"@type":"ImageObject","inLanguage":"it-IT","@id":"https:\/\/www.lenstore.it\/cura-degli-occhi\/gli-effetti-della-caffeina-sulla-salute-e-sulla-vista#primaryimage","url":"https:\/\/www.lenstore.it\/cura-degli-occhi\/wp-content\/uploads\/sites\/2\/2022\/02\/caffe.png","contentUrl":"https:\/\/www.lenstore.it\/cura-degli-occhi\/wp-content\/uploads\/sites\/2\/2022\/02\/caffe.png","width":770,"height":480,"caption":"caff\u00e8"},{"@type":"BreadcrumbList","@id":"https:\/\/www.lenstore.it\/cura-degli-occhi\/gli-effetti-della-caffeina-sulla-salute-e-sulla-vista#breadcrumb","itemListElement":[{"@type":"ListItem","position":1,"name":"Home","item":"https:\/\/www.lenstore.it\/cura-degli-occhi"},{"@type":"ListItem","position":2,"name":"Quali sono gli effetti della caffeina sulla salute e sulla vista?"}]},{"@type":"WebSite","@id":"https:\/\/www.lenstore.it\/cura-degli-occhi\/#website","url":"https:\/\/www.lenstore.it\/cura-degli-occhi\/","name":"Lenstore","description":"Guida alle lenti | Salute | Stile di vita","publisher":{"@id":"https:\/\/www.lenstore.it\/cura-degli-occhi\/#organization"},"potentialAction":[{"@type":"SearchAction","target":{"@type":"EntryPoint","urlTemplate":"https:\/\/www.lenstore.it\/cura-degli-occhi\/?s={search_term_string}"},"query-input":{"@type":"PropertyValueSpecification","valueRequired":true,"valueName":"search_term_string"}}],"inLanguage":"it-IT"},{"@type":"Organization","@id":"https:\/\/www.lenstore.it\/#organization","name":"Lenstore","url":"https:\/\/www.lenstore.it","logo":"https:\/\/www.lenstore.it\/png\/lenstore-logo.png","image":"https:\/\/www.lenstore.it\/png\/lenstore-logo.png","companyRegistration":"51990","contactPoint":{"@type":"ContactPoint","contactType":"customer service","telephone":"051 0920502","email":"assistenza@lenstore.it"}},{"@type":"Person","@id":"https:\/\/www.lenstore.it\/cura-degli-occhi\/#\/schema\/person\/024faaf49fe39068a43ba8d4edd8f3ce","name":"Joe Berry","url":"https:\/\/www.lenstore.it\/cura-degli-occhi\/author\/joeberry"}]}},"jetpack_featured_media_url":"https:\/\/www.lenstore.it\/cura-degli-occhi\/wp-content\/uploads\/sites\/2\/2022\/02\/caffe.png","order_on_store":null,"_links":{"self":[{"href":"https:\/\/www.lenstore.it\/cura-degli-occhi\/wp-json\/wp\/v2\/posts\/1379","targetHints":{"allow":["GET"]}}],"collection":[{"href":"https:\/\/www.lenstore.it\/cura-degli-occhi\/wp-json\/wp\/v2\/posts"}],"about":[{"href":"https:\/\/www.lenstore.it\/cura-degli-occhi\/wp-json\/wp\/v2\/types\/post"}],"author":[{"embeddable":true,"href":"https:\/\/www.lenstore.it\/cura-degli-occhi\/wp-json\/wp\/v2\/users\/18"}],"replies":[{"embeddable":true,"href":"https:\/\/www.lenstore.it\/cura-degli-occhi\/wp-json\/wp\/v2\/comments?post=1379"}],"version-history":[{"count":6,"href":"https:\/\/www.lenstore.it\/cura-degli-occhi\/wp-json\/wp\/v2\/posts\/1379\/revisions"}],"predecessor-version":[{"id":3141,"href":"https:\/\/www.lenstore.it\/cura-degli-occhi\/wp-json\/wp\/v2\/posts\/1379\/revisions\/3141"}],"wp:featuredmedia":[{"embeddable":true,"href":"https:\/\/www.lenstore.it\/cura-degli-occhi\/wp-json\/wp\/v2\/media\/2493"}],"wp:attachment":[{"href":"https:\/\/www.lenstore.it\/cura-degli-occhi\/wp-json\/wp\/v2\/media?parent=1379"}],"wp:term":[{"taxonomy":"category","embeddable":true,"href":"https:\/\/www.lenstore.it\/cura-degli-occhi\/wp-json\/wp\/v2\/categories?post=1379"},{"taxonomy":"post_tag","embeddable":true,"href":"https:\/\/www.lenstore.it\/cura-degli-occhi\/wp-json\/wp\/v2\/tags?post=1379"}],"curies":[{"name":"wp","href":"https:\/\/api.w.org\/{rel}","templated":true}]}}