{"id":37,"date":"2020-05-27T09:37:33","date_gmt":"2020-05-27T07:37:33","guid":{"rendered":"https:\/\/www.lenstore.it\/cura-degli-occhi\/?p=37"},"modified":"2023-05-25T13:13:06","modified_gmt":"2023-05-25T11:13:06","slug":"blefarite-cause-sintomi-e-cure","status":"publish","type":"post","link":"https:\/\/www.lenstore.it\/cura-degli-occhi\/blefarite-cause-sintomi-e-cure","title":{"rendered":"Blefarite agli occhi: cause, sintomi e cure"},"content":{"rendered":"\n<figure class=\"wp-block-image size-large\"><img loading=\"lazy\" decoding=\"async\" width=\"1024\" height=\"525\" src=\"https:\/\/www.lenstore.it\/cura-degli-occhi\/wp-content\/uploads\/sites\/2\/2020\/05\/Closed-eyelid-1024x525.jpg\" alt=\"Blefarite: cause, sintomi e cure\" class=\"wp-image-91\" srcset=\"https:\/\/www.lenstore.it\/cura-degli-occhi\/wp-content\/uploads\/sites\/2\/2020\/05\/Closed-eyelid-1024x525.jpg 1024w, https:\/\/www.lenstore.it\/cura-degli-occhi\/wp-content\/uploads\/sites\/2\/2020\/05\/Closed-eyelid-300x154.jpg 300w, https:\/\/www.lenstore.it\/cura-degli-occhi\/wp-content\/uploads\/sites\/2\/2020\/05\/Closed-eyelid-768x394.jpg 768w, https:\/\/www.lenstore.it\/cura-degli-occhi\/wp-content\/uploads\/sites\/2\/2020\/05\/Closed-eyelid.jpg 1170w\" sizes=\"auto, (max-width: 1024px) 100vw, 1024px\" \/><\/figure>\n\n\n\n<p>Se hai l&#8217;occhio rosso, infiammato e fa male allora potresti aver contratto la blefarite.<\/p>\n\n\n\n<p>Questa patologia \u00e8 un disturbo diffuso e pu\u00f2 insorgere a qualunque et\u00e0; se non viene curata pu\u00f2 durare anni e provocare ricadute, a meno che il paziente non adotti un programma coerente di igiene oculare. Secondo gli esperti del settore ne soffre il 40% dei pazienti e molti sono portatori di lenti a contatto.<\/p>\n\n\n\n<h3 class=\"wp-block-heading\"><strong>Definizione e problematiche<\/strong> <strong>principali<\/strong><\/h3>\n\n\n\n<figure class=\"wp-block-image size-large\"><img loading=\"lazy\" decoding=\"async\" width=\"1024\" height=\"245\" src=\"https:\/\/www.lenstore.it\/cura-degli-occhi\/wp-content\/uploads\/sites\/2\/2020\/05\/Black-and-white-eye-1024x245.jpg\" alt=\"cos'\u00e8 la blefarite\" class=\"wp-image-92\" srcset=\"https:\/\/www.lenstore.it\/cura-degli-occhi\/wp-content\/uploads\/sites\/2\/2020\/05\/Black-and-white-eye-1024x245.jpg 1024w, https:\/\/www.lenstore.it\/cura-degli-occhi\/wp-content\/uploads\/sites\/2\/2020\/05\/Black-and-white-eye-300x72.jpg 300w, https:\/\/www.lenstore.it\/cura-degli-occhi\/wp-content\/uploads\/sites\/2\/2020\/05\/Black-and-white-eye-768x184.jpg 768w, https:\/\/www.lenstore.it\/cura-degli-occhi\/wp-content\/uploads\/sites\/2\/2020\/05\/Black-and-white-eye.jpg 1170w\" sizes=\"auto, (max-width: 1024px) 100vw, 1024px\" \/><\/figure>\n\n\n\n<p>Che cos\u2019\u00e8, esattamente, la blefarite? Si tratta di un\u2019infiammazione del bordo delle palpebre, all\u2019attaccatura delle ciglia. L\u2019otturazione delle ghiandole provoca un\u2019irritazione caratterizzata da arrossamento, prurito, lacrimazione, e in alcuni casi la formazione di croste simili a forfora sulle ciglia.<\/p>\n\n\n\n<p>La blefarite ha ripercussioni sulla lubrificazione oculare, che pu\u00f2 essere problematica per chiunque, ma soprattutto per chi porta lenti a contatto. &nbsp;<\/p>\n\n\n\n<p>Per quanto sgradevole, si pu\u00f2 comunque curare. La prima cosa da fare per chi indossa <a href=\"https:\/\/www.lenstore.it\/b317\/lenti-a-contatto\">lenti a contatto<\/a> \u00e8 smettere di portarle finch\u00e9 i sintomi migliorano. &nbsp;<\/p>\n\n\n\n<h3 class=\"wp-block-heading\"><strong>Cause<\/strong><\/h3>\n\n\n\n<figure class=\"wp-block-image size-large is-style-default\"><img loading=\"lazy\" decoding=\"async\" width=\"1024\" height=\"245\" src=\"https:\/\/www.lenstore.it\/cura-degli-occhi\/wp-content\/uploads\/sites\/2\/2020\/05\/Woman-looking-through-her-hands-1024x245.jpg\" alt=\"\" class=\"wp-image-70\" srcset=\"https:\/\/www.lenstore.it\/cura-degli-occhi\/wp-content\/uploads\/sites\/2\/2020\/05\/Woman-looking-through-her-hands-1024x245.jpg 1024w, https:\/\/www.lenstore.it\/cura-degli-occhi\/wp-content\/uploads\/sites\/2\/2020\/05\/Woman-looking-through-her-hands-300x72.jpg 300w, https:\/\/www.lenstore.it\/cura-degli-occhi\/wp-content\/uploads\/sites\/2\/2020\/05\/Woman-looking-through-her-hands-768x184.jpg 768w, https:\/\/www.lenstore.it\/cura-degli-occhi\/wp-content\/uploads\/sites\/2\/2020\/05\/Woman-looking-through-her-hands.jpg 1170w\" sizes=\"auto, (max-width: 1024px) 100vw, 1024px\" \/><\/figure>\n\n\n\n<p>La blefarite causa la formazione di croste sulle ciglia, ma \u00e8 anche associata ai seguenti disturbi:<\/p>\n\n\n\n<ul class=\"wp-block-list\">\n<li><strong>infezione batterica<\/strong><\/li>\n\n\n\n<li><strong>rosacea<\/strong> (arrossamento del viso)<\/li>\n\n\n\n<li><strong>reazioni allergiche<\/strong> (dovute al trucco, alle soluzioni per lenti a contatto o farmaci oftalmologici)<\/li>\n\n\n\n<li><strong>ostruzione delle ghiandole sebacee nella palpebra<\/strong><\/li>\n\n\n\n<li><strong>presenza di pidocchi o acari nelle ciglia<\/strong><\/li>\n<\/ul>\n\n\n\n<h3 class=\"wp-block-heading\"><strong>Tipologie di blefarite<\/strong><\/h3>\n\n\n\n<p>In base alla tipologia di infiammazione possiamo classificare  le seguenti forme di blefarite:<\/p>\n\n\n\n<ul class=\"wp-block-list\">\n<li><strong>iperemica<\/strong>: le cause di questa forma della patologia rimangono spesso ignote. I bordi delle palpebre appaiono arrossati e gonfi mentre gli occhi nella maggior parte dei casi sono cerchiati di rosso.<\/li>\n<\/ul>\n\n\n\n<ul class=\"wp-block-list\">\n<li><strong>Squamosa o seborroica:<\/strong> anche in questo caso le cause risultano sconosciute ma si ritiene che la patologia possa essere associata alla <strong>forfora<\/strong>, l&#8217;<strong>acne rosacea<\/strong> e la <strong>seborrea<\/strong> che portano appunto alla comparsa della blefarite.<br><\/li>\n\n\n\n<li><strong>Ulcerativa:<\/strong> questa tipologia potrebbe essere contratta anche durante l&#8217;infanzia e se non viene curata nel modo corretto potrebbe continuare a ripresentarsi in et\u00e0&nbsp;adulta. Quando si manifesta l&#8217;occhio \u00e9 affetto da piccoli ascessi che formano delle piccole crosticine.<\/li>\n<\/ul>\n\n\n\n<h3 class=\"wp-block-heading\"><strong>Sintomi<\/strong><\/h3>\n\n\n\n<figure class=\"wp-block-image size-large is-resized is-style-default\"><img loading=\"lazy\" decoding=\"async\" src=\"https:\/\/www.lenstore.it\/cura-degli-occhi\/wp-content\/uploads\/sites\/2\/2021\/04\/eye-with-sand.jpg\" alt=\"occhio - sabbia\" class=\"wp-image-902\" width=\"725\" height=\"241\" srcset=\"https:\/\/www.lenstore.it\/cura-degli-occhi\/wp-content\/uploads\/sites\/2\/2021\/04\/eye-with-sand.jpg 800w, https:\/\/www.lenstore.it\/cura-degli-occhi\/wp-content\/uploads\/sites\/2\/2021\/04\/eye-with-sand-300x100.jpg 300w, https:\/\/www.lenstore.it\/cura-degli-occhi\/wp-content\/uploads\/sites\/2\/2021\/04\/eye-with-sand-768x256.jpg 768w\" sizes=\"auto, (max-width: 725px) 100vw, 725px\" \/><\/figure>\n\n\n\n<p>I sintomi della blefarite sono molto evidenti, ed \u00e8 difficile sbagliarsi. Eccone alcuni:<\/p>\n\n\n\n<ul class=\"wp-block-list\">\n<li><strong>arrossamento:<\/strong> occhi rossi, gonfi e lacrimazione<\/li>\n\n\n\n<li><strong>prurito:<\/strong> palpebre irritate e pruriginose e sensazione di avere un granello di sabbia negli occhi<\/li>\n\n\n\n<li><strong>occhi appiccicosi:<\/strong> per quanto incrostate, le palpebre possono essere unte. Non \u00e8 infrequente trovarle incollate insieme al risveglio<\/li>\n\n\n\n<li><strong>desquamazione: <\/strong>la pelle intorno agli occhi probabilmente \u00e8 squamosa, e le ciglia cadono o crescono in diverse direzioni<\/li>\n\n\n\n<li><strong>ammiccamento:<\/strong> maggiore fotosensibilizzazione che porta a battere le ciglia pi\u00f9 spesso<\/li>\n<\/ul>\n\n\n\n<h3 class=\"wp-block-heading\"><strong>La blefarite \u00e9 contagiosa?<\/strong><\/h3>\n\n\n\n<p>Fortunatamente questa patologia dell&#8217;occhio non \u00e9 contagiosa e se viene curata nel modo corretto il problema pu\u00f2 essere risolto in 15-30 giorni. In caso contrario potrebbe causare la perdita delle ciglia, cicatrice palpebrali e ulcere corneali.<\/p>\n\n\n\n<h3 class=\"wp-block-heading\"><strong>Potenziali complicazioni<\/strong><\/h3>\n\n\n\n<figure class=\"wp-block-image size-large is-style-default\"><img loading=\"lazy\" decoding=\"async\" width=\"1024\" height=\"245\" src=\"https:\/\/www.lenstore.it\/cura-degli-occhi\/wp-content\/uploads\/sites\/2\/2020\/05\/Man-covering-his-eyes-1024x245.jpg\" alt=\"\" class=\"wp-image-79\" srcset=\"https:\/\/www.lenstore.it\/cura-degli-occhi\/wp-content\/uploads\/sites\/2\/2020\/05\/Man-covering-his-eyes-1024x245.jpg 1024w, https:\/\/www.lenstore.it\/cura-degli-occhi\/wp-content\/uploads\/sites\/2\/2020\/05\/Man-covering-his-eyes-300x72.jpg 300w, https:\/\/www.lenstore.it\/cura-degli-occhi\/wp-content\/uploads\/sites\/2\/2020\/05\/Man-covering-his-eyes-768x184.jpg 768w, https:\/\/www.lenstore.it\/cura-degli-occhi\/wp-content\/uploads\/sites\/2\/2020\/05\/Man-covering-his-eyes.jpg 1170w\" sizes=\"auto, (max-width: 1024px) 100vw, 1024px\" \/><\/figure>\n\n\n\n<p>La blefarite pu\u00f2 provocare anche altri problemi, per esempio:<\/p>\n\n\n\n<ul class=\"wp-block-list\">\n<li><strong><a href=\"https:\/\/www.lenstore.it\/cura-degli-occhi\/guida-allorzaiolo-come-riconoscerlo-e-curarlo\/\">orzaiolo<\/a>: <\/strong>doloroso rigonfiamento all\u2019esterno della palpebra, causato dalle ghiandole sebacee infette<\/li>\n\n\n\n<li><strong>cisti: <\/strong>si chiamano cisti di Meibomio e sono rigonfiamenti all\u2019interno della palpebra<\/li>\n\n\n\n<li><a href=\"https:\/\/www.lenstore.it\/cura-degli-occhi\/sindrome-dellocchio-secco\/\"><strong>sindrome<\/strong> <strong>occhio secco<\/strong><\/a><strong>:<\/strong> deriva dalla mancata lubrificazione delle lacrime. Spesso va di pari passo con la blefarite, e talvolta i medici si sono chiesti quale dei due disturbi possa provocare l\u2019altro<\/li>\n\n\n\n<li><strong><a href=\"https:\/\/www.lenstore.it\/cura-degli-occhi\/tutto-sulla-congiuntivite\/\">congiuntivite<\/a>:<\/strong> Detta anche \u201cocchio rosa\u201d: si tratta di un\u2019infiammazione della congiuntiva, la membrana di muco che riveste l\u2019interno delle palpebre e la parte anteriore degli occhi<\/li>\n<\/ul>\n\n\n\n<h3 class=\"wp-block-heading\"><strong>Rimedi naturali<\/strong><\/h3>\n\n\n\n<p>Molti casi di blefarite si possono curare con rimedi naturali. \u00c8 importante osservare un regime terapeutico costante, con impacchi di acqua calda, che servono a ridurre eventuali accumuli. Ecco alcune alternative: &nbsp;<\/p>\n\n\n\n<ul class=\"wp-block-list\">\n<li>applicazione di compresse tiepide separatamente su ciascun occhio per ridurre l\u2019infiammazione<\/li>\n\n\n\n<li>risciacquo delle palpebre con acqua calda, tamponando per asciugare<\/li>\n\n\n\n<li>lavaggio dell\u2019occhio con acqua<\/li>\n<\/ul>\n\n\n\n<h3 class=\"wp-block-heading\"><strong>Cure professionali<\/strong><\/h3>\n\n\n\n<figure class=\"wp-block-image size-large\"><img loading=\"lazy\" decoding=\"async\" width=\"1024\" height=\"245\" src=\"https:\/\/www.lenstore.it\/cura-degli-occhi\/wp-content\/uploads\/sites\/2\/2020\/05\/Sunshine-on-eyes-close-up-1024x245.jpg\" alt=\"come curare la blefarite\" class=\"wp-image-93\" srcset=\"https:\/\/www.lenstore.it\/cura-degli-occhi\/wp-content\/uploads\/sites\/2\/2020\/05\/Sunshine-on-eyes-close-up-1024x245.jpg 1024w, https:\/\/www.lenstore.it\/cura-degli-occhi\/wp-content\/uploads\/sites\/2\/2020\/05\/Sunshine-on-eyes-close-up-300x72.jpg 300w, https:\/\/www.lenstore.it\/cura-degli-occhi\/wp-content\/uploads\/sites\/2\/2020\/05\/Sunshine-on-eyes-close-up-768x184.jpg 768w, https:\/\/www.lenstore.it\/cura-degli-occhi\/wp-content\/uploads\/sites\/2\/2020\/05\/Sunshine-on-eyes-close-up.jpg 1170w\" sizes=\"auto, (max-width: 1024px) 100vw, 1024px\" \/><\/figure>\n\n\n\n<p>Se i rimedi naturali non funzionano o sono inadeguati di fronte a determinate cause di base (per esempio rosacea o forfora), \u00e8 il momento di passare alle cure professionali. Ecco alcuni esempi di cure professionali:<\/p>\n\n\n\n<ul class=\"wp-block-list\">\n<li>procedure ambulatoriali eseguite da un professionista<\/li>\n\n\n\n<li>unguenti antibiotici, creme e farmaci per via orale<\/li>\n\n\n\n<li><a href=\"https:\/\/www.lenstore.it\/c104\/colliri\">collirio<\/a> (normalmente a base di steroidi) per ridurre l\u2019infiammazione<\/li>\n<\/ul>\n\n\n\n<h3 class=\"wp-block-heading\"><strong>Lenti a contatto e blefarite<\/strong><\/h3>\n\n\n\n<p>Una buona igiene e i trattamenti a base di acqua calda descritti sopra sono indispensabili: oltre a contribuire alla prevenzione del disturbo, riducono anche la probabilit\u00e0 di ricadute. &nbsp;<br><br>Se porti le <a href=\"https:\/\/www.lenstore.it\/b317\/lenti-a-contatto\" target=\"_blank\" rel=\"noreferrer noopener\">lenti a contatto<\/a>, sarai impaziente di ricominciare a usarle. Per evitare ricadute saranno utili una buona igiene e l\u2019utilizzo di uno scrub detergente per palpebre. Alcuni ottici consigliano anche integratori di acidi grassi Omega-3.<br><br>Qualunque sia il regime preferito, deve diventare parte dell\u2019igiene quotidiana. Quando potrai rimettere le lenti a contatto, l\u2019opzione migliore per ridurre il rischio di problemi futuri sono le <a href=\"https:\/\/www.lenstore.it\/c1\/lenti-a-contatto-giornaliere\" target=\"_blank\" rel=\"noreferrer noopener\">lenti giornaliere monouso<\/a>, che fortunatamente sono anche la forma di correzione visiva pi\u00f9 confortevole e comoda per molti. Consulta sempre il tuo ottico di fiducia per sapere quali sono le alternative migliori per la salute dei tuoi occhi.<\/p>\n\n\n\n<figure class=\"wp-block-image size-large is-style-default\"><img loading=\"lazy\" decoding=\"async\" width=\"1024\" height=\"273\" src=\"https:\/\/www.lenstore.it\/cura-degli-occhi\/wp-content\/uploads\/sites\/2\/2021\/04\/Untitled-design-2-1024x273.png\" alt=\"\" class=\"wp-image-857\" srcset=\"https:\/\/www.lenstore.it\/cura-degli-occhi\/wp-content\/uploads\/sites\/2\/2021\/04\/Untitled-design-2-1024x273.png 1024w, https:\/\/www.lenstore.it\/cura-degli-occhi\/wp-content\/uploads\/sites\/2\/2021\/04\/Untitled-design-2-300x80.png 300w, https:\/\/www.lenstore.it\/cura-degli-occhi\/wp-content\/uploads\/sites\/2\/2021\/04\/Untitled-design-2-768x204.png 768w, https:\/\/www.lenstore.it\/cura-degli-occhi\/wp-content\/uploads\/sites\/2\/2021\/04\/Untitled-design-2-1536x409.png 1536w, https:\/\/www.lenstore.it\/cura-degli-occhi\/wp-content\/uploads\/sites\/2\/2021\/04\/Untitled-design-2.png 1897w\" sizes=\"auto, (max-width: 1024px) 100vw, 1024px\" \/><\/figure>\n\n\n\n<p><\/p>\n","protected":false},"excerpt":{"rendered":"<p>Se hai l&#8217;occhio rosso, infiammato e fa male allora potresti aver contratto la blefarite. Questa patologia \u00e8 [&hellip;]<\/p>\n","protected":false},"author":6,"featured_media":2289,"comment_status":"closed","ping_status":"closed","sticky":false,"template":"","format":"standard","meta":{"footnotes":""},"categories":[6,3],"tags":[],"class_list":["post-37","post","type-post","status-publish","format-standard","has-post-thumbnail","hentry","category-malattie","category-salute-degli-occhi"],"yoast_head":"<!-- This site is optimized with the Yoast SEO plugin v27.0 - https:\/\/yoast.com\/product\/yoast-seo-wordpress\/ -->\n<title>Blefarite agli occhi: cause, sintomi e cure - Lenstore<\/title>\n<meta name=\"description\" content=\"La blefarite \u00e8 un&#039;infiammazione all&#039;attaccatura delle ciglia dell&#039; occhio; se non viene curata pu\u00f2 durare anni. Analizziamo cause e rimedi!\" \/>\n<meta name=\"robots\" content=\"index, follow, max-snippet:-1, max-image-preview:large, max-video-preview:-1\" \/>\n<link rel=\"canonical\" href=\"https:\/\/www.lenstore.it\/cura-degli-occhi\/blefarite-cause-sintomi-e-cure\" \/>\n<meta property=\"og:locale\" content=\"it_IT\" \/>\n<meta property=\"og:type\" content=\"article\" \/>\n<meta property=\"og:title\" content=\"Blefarite agli occhi: cause, sintomi e cure - Lenstore\" \/>\n<meta property=\"og:description\" content=\"La blefarite \u00e8 un&#039;infiammazione all&#039;attaccatura delle ciglia dell&#039; occhio; se non viene curata pu\u00f2 durare anni. Analizziamo cause e rimedi!\" \/>\n<meta property=\"og:url\" content=\"https:\/\/www.lenstore.it\/cura-degli-occhi\/blefarite-cause-sintomi-e-cure\" \/>\n<meta property=\"og:site_name\" content=\"Lenstore\" \/>\n<meta property=\"article:published_time\" content=\"2020-05-27T07:37:33+00:00\" \/>\n<meta property=\"article:modified_time\" content=\"2023-05-25T11:13:06+00:00\" \/>\n<meta property=\"og:image\" content=\"https:\/\/www.lenstore.it\/cura-degli-occhi\/wp-content\/uploads\/sites\/2\/2020\/05\/Closed-eyelid-1024x525-1.jpg\" \/>\n\t<meta property=\"og:image:width\" content=\"1024\" \/>\n\t<meta property=\"og:image:height\" content=\"525\" \/>\n\t<meta property=\"og:image:type\" content=\"image\/jpeg\" \/>\n<meta name=\"author\" content=\"alexisattiapo\" \/>\n<meta name=\"twitter:card\" content=\"summary_large_image\" \/>\n<meta name=\"twitter:label1\" content=\"Scritto da\" \/>\n\t<meta name=\"twitter:data1\" content=\"alexisattiapo\" \/>\n\t<meta name=\"twitter:label2\" content=\"Tempo di lettura stimato\" \/>\n\t<meta name=\"twitter:data2\" content=\"6 minuti\" \/>\n<script type=\"application\/ld+json\" class=\"yoast-schema-graph\">{\"@context\":\"https:\/\/schema.org\",\"@graph\":[{\"@type\":\"Article\",\"@id\":\"https:\/\/www.lenstore.it\/cura-degli-occhi\/blefarite-cause-sintomi-e-cure#article\",\"isPartOf\":{\"@id\":\"https:\/\/www.lenstore.it\/cura-degli-occhi\/blefarite-cause-sintomi-e-cure\"},\"author\":{\"name\":\"alexisattiapo\",\"@id\":\"https:\/\/www.lenstore.it\/cura-degli-occhi\/#\/schema\/person\/e9fee1d1110da711f415f49fe2d5e045\"},\"headline\":\"Blefarite agli occhi: cause, sintomi e cure\",\"datePublished\":\"2020-05-27T07:37:33+00:00\",\"dateModified\":\"2023-05-25T11:13:06+00:00\",\"mainEntityOfPage\":{\"@id\":\"https:\/\/www.lenstore.it\/cura-degli-occhi\/blefarite-cause-sintomi-e-cure\"},\"wordCount\":813,\"publisher\":{\"@id\":\"https:\/\/www.lenstore.it\/cura-degli-occhi\/#organization\"},\"image\":{\"@id\":\"https:\/\/www.lenstore.it\/cura-degli-occhi\/blefarite-cause-sintomi-e-cure#primaryimage\"},\"thumbnailUrl\":\"https:\/\/www.lenstore.it\/cura-degli-occhi\/wp-content\/uploads\/sites\/2\/2020\/05\/Closed-eyelid-1024x525-1.jpg\",\"articleSection\":[\"Difetti visivi e patologie dell'occhio\",\"Salute degli occhi\"],\"inLanguage\":\"it-IT\"},{\"@type\":\"WebPage\",\"@id\":\"https:\/\/www.lenstore.it\/cura-degli-occhi\/blefarite-cause-sintomi-e-cure\",\"url\":\"https:\/\/www.lenstore.it\/cura-degli-occhi\/blefarite-cause-sintomi-e-cure\",\"name\":\"Blefarite agli occhi: cause, sintomi e cure - Lenstore\",\"isPartOf\":{\"@id\":\"https:\/\/www.lenstore.it\/cura-degli-occhi\/#website\"},\"primaryImageOfPage\":{\"@id\":\"https:\/\/www.lenstore.it\/cura-degli-occhi\/blefarite-cause-sintomi-e-cure#primaryimage\"},\"image\":{\"@id\":\"https:\/\/www.lenstore.it\/cura-degli-occhi\/blefarite-cause-sintomi-e-cure#primaryimage\"},\"thumbnailUrl\":\"https:\/\/www.lenstore.it\/cura-degli-occhi\/wp-content\/uploads\/sites\/2\/2020\/05\/Closed-eyelid-1024x525-1.jpg\",\"datePublished\":\"2020-05-27T07:37:33+00:00\",\"dateModified\":\"2023-05-25T11:13:06+00:00\",\"description\":\"La blefarite \u00e8 un'infiammazione all'attaccatura delle ciglia dell' occhio; se non viene curata pu\u00f2 durare anni. Analizziamo cause e rimedi!\",\"breadcrumb\":{\"@id\":\"https:\/\/www.lenstore.it\/cura-degli-occhi\/blefarite-cause-sintomi-e-cure#breadcrumb\"},\"inLanguage\":\"it-IT\",\"potentialAction\":[{\"@type\":\"ReadAction\",\"target\":[\"https:\/\/www.lenstore.it\/cura-degli-occhi\/blefarite-cause-sintomi-e-cure\"]}]},{\"@type\":\"ImageObject\",\"inLanguage\":\"it-IT\",\"@id\":\"https:\/\/www.lenstore.it\/cura-degli-occhi\/blefarite-cause-sintomi-e-cure#primaryimage\",\"url\":\"https:\/\/www.lenstore.it\/cura-degli-occhi\/wp-content\/uploads\/sites\/2\/2020\/05\/Closed-eyelid-1024x525-1.jpg\",\"contentUrl\":\"https:\/\/www.lenstore.it\/cura-degli-occhi\/wp-content\/uploads\/sites\/2\/2020\/05\/Closed-eyelid-1024x525-1.jpg\",\"width\":1024,\"height\":525,\"caption\":\"occhio chiuso\"},{\"@type\":\"BreadcrumbList\",\"@id\":\"https:\/\/www.lenstore.it\/cura-degli-occhi\/blefarite-cause-sintomi-e-cure#breadcrumb\",\"itemListElement\":[{\"@type\":\"ListItem\",\"position\":1,\"name\":\"Home\",\"item\":\"https:\/\/www.lenstore.it\/cura-degli-occhi\"},{\"@type\":\"ListItem\",\"position\":2,\"name\":\"Blefarite agli occhi: cause, sintomi e cure\"}]},{\"@type\":\"WebSite\",\"@id\":\"https:\/\/www.lenstore.it\/cura-degli-occhi\/#website\",\"url\":\"https:\/\/www.lenstore.it\/cura-degli-occhi\/\",\"name\":\"Lenstore\",\"description\":\"Guida alle lenti | Salute | Stile di vita\",\"publisher\":{\"@id\":\"https:\/\/www.lenstore.it\/cura-degli-occhi\/#organization\"},\"potentialAction\":[{\"@type\":\"SearchAction\",\"target\":{\"@type\":\"EntryPoint\",\"urlTemplate\":\"https:\/\/www.lenstore.it\/cura-degli-occhi\/?s={search_term_string}\"},\"query-input\":{\"@type\":\"PropertyValueSpecification\",\"valueRequired\":true,\"valueName\":\"search_term_string\"}}],\"inLanguage\":\"it-IT\"},{\"@type\":\"Organization\",\"@id\":\"https:\/\/www.lenstore.it\/#organization\",\"name\":\"Lenstore\",\"url\":\"https:\/\/www.lenstore.it\",\"logo\":\"https:\/\/www.lenstore.it\/png\/lenstore-logo.png\",\"image\":\"https:\/\/www.lenstore.it\/png\/lenstore-logo.png\",\"companyRegistration\":\"51990\",\"contactPoint\":{\"@type\":\"ContactPoint\",\"contactType\":\"customer service\",\"telephone\":\"051 0920502\",\"email\":\"assistenza@lenstore.it\"}},{\"@type\":\"Person\",\"@id\":\"https:\/\/www.lenstore.it\/cura-degli-occhi\/#\/schema\/person\/e9fee1d1110da711f415f49fe2d5e045\",\"name\":\"alexisattiapo\",\"url\":\"https:\/\/www.lenstore.it\/cura-degli-occhi\/author\/alexisattiapo\"}]}<\/script>\n<!-- \/ Yoast SEO plugin. -->","yoast_head_json":{"title":"Blefarite agli occhi: cause, sintomi e cure - Lenstore","description":"La blefarite \u00e8 un'infiammazione all'attaccatura delle ciglia dell' occhio; se non viene curata pu\u00f2 durare anni. Analizziamo cause e rimedi!","robots":{"index":"index","follow":"follow","max-snippet":"max-snippet:-1","max-image-preview":"max-image-preview:large","max-video-preview":"max-video-preview:-1"},"canonical":"https:\/\/www.lenstore.it\/cura-degli-occhi\/blefarite-cause-sintomi-e-cure","og_locale":"it_IT","og_type":"article","og_title":"Blefarite agli occhi: cause, sintomi e cure - Lenstore","og_description":"La blefarite \u00e8 un'infiammazione all'attaccatura delle ciglia dell' occhio; se non viene curata pu\u00f2 durare anni. Analizziamo cause e rimedi!","og_url":"https:\/\/www.lenstore.it\/cura-degli-occhi\/blefarite-cause-sintomi-e-cure","og_site_name":"Lenstore","article_published_time":"2020-05-27T07:37:33+00:00","article_modified_time":"2023-05-25T11:13:06+00:00","og_image":[{"width":1024,"height":525,"url":"https:\/\/www.lenstore.it\/cura-degli-occhi\/wp-content\/uploads\/sites\/2\/2020\/05\/Closed-eyelid-1024x525-1.jpg","type":"image\/jpeg"}],"author":"alexisattiapo","twitter_card":"summary_large_image","twitter_misc":{"Scritto da":"alexisattiapo","Tempo di lettura stimato":"6 minuti"},"schema":{"@context":"https:\/\/schema.org","@graph":[{"@type":"Article","@id":"https:\/\/www.lenstore.it\/cura-degli-occhi\/blefarite-cause-sintomi-e-cure#article","isPartOf":{"@id":"https:\/\/www.lenstore.it\/cura-degli-occhi\/blefarite-cause-sintomi-e-cure"},"author":{"name":"alexisattiapo","@id":"https:\/\/www.lenstore.it\/cura-degli-occhi\/#\/schema\/person\/e9fee1d1110da711f415f49fe2d5e045"},"headline":"Blefarite agli occhi: cause, sintomi e cure","datePublished":"2020-05-27T07:37:33+00:00","dateModified":"2023-05-25T11:13:06+00:00","mainEntityOfPage":{"@id":"https:\/\/www.lenstore.it\/cura-degli-occhi\/blefarite-cause-sintomi-e-cure"},"wordCount":813,"publisher":{"@id":"https:\/\/www.lenstore.it\/cura-degli-occhi\/#organization"},"image":{"@id":"https:\/\/www.lenstore.it\/cura-degli-occhi\/blefarite-cause-sintomi-e-cure#primaryimage"},"thumbnailUrl":"https:\/\/www.lenstore.it\/cura-degli-occhi\/wp-content\/uploads\/sites\/2\/2020\/05\/Closed-eyelid-1024x525-1.jpg","articleSection":["Difetti visivi e patologie dell'occhio","Salute degli occhi"],"inLanguage":"it-IT"},{"@type":"WebPage","@id":"https:\/\/www.lenstore.it\/cura-degli-occhi\/blefarite-cause-sintomi-e-cure","url":"https:\/\/www.lenstore.it\/cura-degli-occhi\/blefarite-cause-sintomi-e-cure","name":"Blefarite agli occhi: cause, sintomi e cure - Lenstore","isPartOf":{"@id":"https:\/\/www.lenstore.it\/cura-degli-occhi\/#website"},"primaryImageOfPage":{"@id":"https:\/\/www.lenstore.it\/cura-degli-occhi\/blefarite-cause-sintomi-e-cure#primaryimage"},"image":{"@id":"https:\/\/www.lenstore.it\/cura-degli-occhi\/blefarite-cause-sintomi-e-cure#primaryimage"},"thumbnailUrl":"https:\/\/www.lenstore.it\/cura-degli-occhi\/wp-content\/uploads\/sites\/2\/2020\/05\/Closed-eyelid-1024x525-1.jpg","datePublished":"2020-05-27T07:37:33+00:00","dateModified":"2023-05-25T11:13:06+00:00","description":"La blefarite \u00e8 un'infiammazione all'attaccatura delle ciglia dell' occhio; se non viene curata pu\u00f2 durare anni. Analizziamo cause e rimedi!","breadcrumb":{"@id":"https:\/\/www.lenstore.it\/cura-degli-occhi\/blefarite-cause-sintomi-e-cure#breadcrumb"},"inLanguage":"it-IT","potentialAction":[{"@type":"ReadAction","target":["https:\/\/www.lenstore.it\/cura-degli-occhi\/blefarite-cause-sintomi-e-cure"]}]},{"@type":"ImageObject","inLanguage":"it-IT","@id":"https:\/\/www.lenstore.it\/cura-degli-occhi\/blefarite-cause-sintomi-e-cure#primaryimage","url":"https:\/\/www.lenstore.it\/cura-degli-occhi\/wp-content\/uploads\/sites\/2\/2020\/05\/Closed-eyelid-1024x525-1.jpg","contentUrl":"https:\/\/www.lenstore.it\/cura-degli-occhi\/wp-content\/uploads\/sites\/2\/2020\/05\/Closed-eyelid-1024x525-1.jpg","width":1024,"height":525,"caption":"occhio chiuso"},{"@type":"BreadcrumbList","@id":"https:\/\/www.lenstore.it\/cura-degli-occhi\/blefarite-cause-sintomi-e-cure#breadcrumb","itemListElement":[{"@type":"ListItem","position":1,"name":"Home","item":"https:\/\/www.lenstore.it\/cura-degli-occhi"},{"@type":"ListItem","position":2,"name":"Blefarite agli occhi: cause, sintomi e cure"}]},{"@type":"WebSite","@id":"https:\/\/www.lenstore.it\/cura-degli-occhi\/#website","url":"https:\/\/www.lenstore.it\/cura-degli-occhi\/","name":"Lenstore","description":"Guida alle lenti | Salute | Stile di vita","publisher":{"@id":"https:\/\/www.lenstore.it\/cura-degli-occhi\/#organization"},"potentialAction":[{"@type":"SearchAction","target":{"@type":"EntryPoint","urlTemplate":"https:\/\/www.lenstore.it\/cura-degli-occhi\/?s={search_term_string}"},"query-input":{"@type":"PropertyValueSpecification","valueRequired":true,"valueName":"search_term_string"}}],"inLanguage":"it-IT"},{"@type":"Organization","@id":"https:\/\/www.lenstore.it\/#organization","name":"Lenstore","url":"https:\/\/www.lenstore.it","logo":"https:\/\/www.lenstore.it\/png\/lenstore-logo.png","image":"https:\/\/www.lenstore.it\/png\/lenstore-logo.png","companyRegistration":"51990","contactPoint":{"@type":"ContactPoint","contactType":"customer service","telephone":"051 0920502","email":"assistenza@lenstore.it"}},{"@type":"Person","@id":"https:\/\/www.lenstore.it\/cura-degli-occhi\/#\/schema\/person\/e9fee1d1110da711f415f49fe2d5e045","name":"alexisattiapo","url":"https:\/\/www.lenstore.it\/cura-degli-occhi\/author\/alexisattiapo"}]}},"jetpack_featured_media_url":"https:\/\/www.lenstore.it\/cura-degli-occhi\/wp-content\/uploads\/sites\/2\/2020\/05\/Closed-eyelid-1024x525-1.jpg","order_on_store":null,"_links":{"self":[{"href":"https:\/\/www.lenstore.it\/cura-degli-occhi\/wp-json\/wp\/v2\/posts\/37","targetHints":{"allow":["GET"]}}],"collection":[{"href":"https:\/\/www.lenstore.it\/cura-degli-occhi\/wp-json\/wp\/v2\/posts"}],"about":[{"href":"https:\/\/www.lenstore.it\/cura-degli-occhi\/wp-json\/wp\/v2\/types\/post"}],"author":[{"embeddable":true,"href":"https:\/\/www.lenstore.it\/cura-degli-occhi\/wp-json\/wp\/v2\/users\/6"}],"replies":[{"embeddable":true,"href":"https:\/\/www.lenstore.it\/cura-degli-occhi\/wp-json\/wp\/v2\/comments?post=37"}],"version-history":[{"count":33,"href":"https:\/\/www.lenstore.it\/cura-degli-occhi\/wp-json\/wp\/v2\/posts\/37\/revisions"}],"predecessor-version":[{"id":2636,"href":"https:\/\/www.lenstore.it\/cura-degli-occhi\/wp-json\/wp\/v2\/posts\/37\/revisions\/2636"}],"wp:featuredmedia":[{"embeddable":true,"href":"https:\/\/www.lenstore.it\/cura-degli-occhi\/wp-json\/wp\/v2\/media\/2289"}],"wp:attachment":[{"href":"https:\/\/www.lenstore.it\/cura-degli-occhi\/wp-json\/wp\/v2\/media?parent=37"}],"wp:term":[{"taxonomy":"category","embeddable":true,"href":"https:\/\/www.lenstore.it\/cura-degli-occhi\/wp-json\/wp\/v2\/categories?post=37"},{"taxonomy":"post_tag","embeddable":true,"href":"https:\/\/www.lenstore.it\/cura-degli-occhi\/wp-json\/wp\/v2\/tags?post=37"}],"curies":[{"name":"wp","href":"https:\/\/api.w.org\/{rel}","templated":true}]}}